{"id":9758,"date":"2021-02-21T20:16:37","date_gmt":"2021-02-21T19:16:37","guid":{"rendered":"https:\/\/ms.cws-hof.de\/?p=9758"},"modified":"2021-02-21T20:16:38","modified_gmt":"2021-02-21T19:16:38","slug":"frankenpost-vom-20-02-2021-die-sorgen-der-corona-jugend","status":"publish","type":"post","link":"https:\/\/ms.cws-hof.de\/?p=9758","title":{"rendered":"Frankenpost vom 20.02.2021: Die Sorgen der Corona-Jugend"},"content":{"rendered":"\n<p>Im Artikel der Frankenpost vom 20.2 wird \u00fcber die Sorgen und \u00c4ngste von Abschlusssch\u00fclern berichtet&#8230; es wurde auch Sila aus der Klasse 9b\u00a0interviewt.<\/p>\n\n\n\n<p><a href=\"https:\/\/ms.cws-hof.de\/wp-content\/uploads\/Die-Sorgen-der-Corona-Jugend-Frankenpost.pdf\">Frankenpost-Artikel als PDF<\/a><\/p>\n","protected":false},"excerpt":{"rendered":"<p>Im Artikel der Frankenpost vom 20.2 wird \u00fcber die Sorgen und \u00c4ngste von Abschlusssch\u00fclern berichtet&#8230; es wurde auch Sila aus der Klasse 9b\u00a0interviewt. Frankenpost-Artikel als PDF<\/p>\n","protected":false},"author":51,"featured_media":0,"comment_status":"closed","ping_status":"closed","sticky":false,"template":"","format":"standard","meta":{"footnotes":""},"categories":[107,10],"tags":[],"class_list":["post-9758","post","type-post","status-publish","format-standard","hentry","category-2020-21","category-presseschau"],"_links":{"self":[{"href":"https:\/\/ms.cws-hof.de\/index.php?rest_route=\/wp\/v2\/posts\/9758","targetHints":{"allow":["GET"]}}],"collection":[{"href":"https:\/\/ms.cws-hof.de\/index.php?rest_route=\/wp\/v2\/posts"}],"about":[{"href":"https:\/\/ms.cws-hof.de\/index.php?rest_route=\/wp\/v2\/types\/post"}],"author":[{"embeddable":true,"href":"https:\/\/ms.cws-hof.de\/index.php?rest_route=\/wp\/v2\/users\/51"}],"replies":[{"embeddable":true,"href":"https:\/\/ms.cws-hof.de\/index.php?rest_route=%2Fwp%2Fv2%2Fcomments&post=9758"}],"version-history":[{"count":1,"href":"https:\/\/ms.cws-hof.de\/index.php?rest_route=\/wp\/v2\/posts\/9758\/revisions"}],"predecessor-version":[{"id":9759,"href":"https:\/\/ms.cws-hof.de\/index.php?rest_route=\/wp\/v2\/posts\/9758\/revisions\/9759"}],"wp:attachment":[{"href":"https:\/\/ms.cws-hof.de\/index.php?rest_route=%2Fwp%2Fv2%2Fmedia&parent=9758"}],"wp:term":[{"taxonomy":"category","embeddable":true,"href":"https:\/\/ms.cws-hof.de\/index.php?rest_route=%2Fwp%2Fv2%2Fcategories&post=9758"},{"taxonomy":"post_tag","embeddable":true,"href":"https:\/\/ms.cws-hof.de\/index.php?rest_route=%2Fwp%2Fv2%2Ftags&post=9758"}],"curies":[{"name":"wp","href":"https:\/\/api.w.org\/{rel}","templated":true}]}}