{"id":9554,"date":"2021-02-09T00:40:28","date_gmt":"2021-02-08T23:40:28","guid":{"rendered":"https:\/\/ms.cws-hof.de\/?p=9554"},"modified":"2021-02-21T22:57:20","modified_gmt":"2021-02-21T21:57:20","slug":"kunstunterricht-der-klasse-9cm-distanzunterricht","status":"publish","type":"post","link":"https:\/\/ms.cws-hof.de\/?p=9554","title":{"rendered":"Kunstunterricht der Klasse 9cM (Distanzunterricht)"},"content":{"rendered":"\n<p>Die Sch\u00fclerinnen und Sch\u00fcler haben sich mit verschiedenen K\u00fcnstlern und Kunstrichtungen auseinandergesetzt und dabei versucht die Malweisen nachzuempfinden.<\/p>\n\n\n\n<p>Die Bandbreite ging von VanGogh \u00fcber Monet bis hin zu Paul Klee und Pablo Picasso.<\/p>\n\n\n\n<p>Die PDF-Datei zeigt als Beispiel eine Unterrichtsstunde.<\/p>\n\n\n<a href=\"https:\/\/ms.cws-hof.de\/wp-content\/uploads\/Kunst-9-Impressionismus-Video-Distanz-2.-Woche.pdf\" class=\"pdfemb-viewer\" style=\"\" data-width=\"max\" data-height=\"max\" data-toolbar=\"bottom\" data-toolbar-fixed=\"off\">Kunst-9-Impressionismus-Video-Distanz-2.-Woche<\/a>\n\n\n\n<p><\/p>\n\n\n\n<div class=\"wp-block-image\"><figure class=\"aligncenter size-large\"><a href=\"https:\/\/ms.cws-hof.de\/wp-content\/uploads\/Van-Gogh-1-scaled.jpg\"><img loading=\"lazy\" decoding=\"async\" width=\"1024\" height=\"576\" src=\"https:\/\/ms.cws-hof.de\/wp-content\/uploads\/Van-Gogh-1-1024x576.jpg\" alt=\"\" class=\"wp-image-9542\" srcset=\"https:\/\/ms.cws-hof.de\/wp-content\/uploads\/Van-Gogh-1-1024x576.jpg 1024w, https:\/\/ms.cws-hof.de\/wp-content\/uploads\/Van-Gogh-1-300x169.jpg 300w, https:\/\/ms.cws-hof.de\/wp-content\/uploads\/Van-Gogh-1-768x432.jpg 768w, https:\/\/ms.cws-hof.de\/wp-content\/uploads\/Van-Gogh-1-1536x864.jpg 1536w, https:\/\/ms.cws-hof.de\/wp-content\/uploads\/Van-Gogh-1-2048x1152.jpg 2048w\" sizes=\"auto, (max-width: 1024px) 100vw, 1024px\" \/><\/a><\/figure><\/div>\n\n\n\n<p><\/p>\n\n\n\n<div class=\"wp-block-image\"><figure class=\"aligncenter size-large\"><a href=\"https:\/\/ms.cws-hof.de\/wp-content\/uploads\/Seerosenteich.jpg\"><img loading=\"lazy\" decoding=\"async\" width=\"1024\" height=\"768\" src=\"https:\/\/ms.cws-hof.de\/wp-content\/uploads\/Seerosenteich-1024x768.jpg\" alt=\"\" class=\"wp-image-9552\" srcset=\"https:\/\/ms.cws-hof.de\/wp-content\/uploads\/Seerosenteich-1024x768.jpg 1024w, https:\/\/ms.cws-hof.de\/wp-content\/uploads\/Seerosenteich-300x225.jpg 300w, https:\/\/ms.cws-hof.de\/wp-content\/uploads\/Seerosenteich-768x576.jpg 768w, https:\/\/ms.cws-hof.de\/wp-content\/uploads\/Seerosenteich-1536x1152.jpg 1536w, https:\/\/ms.cws-hof.de\/wp-content\/uploads\/Seerosenteich-160x120.jpg 160w, https:\/\/ms.cws-hof.de\/wp-content\/uploads\/Seerosenteich.jpg 2000w\" sizes=\"auto, (max-width: 1024px) 100vw, 1024px\" \/><\/a><\/figure><\/div>\n\n\n\n<p><\/p>\n\n\n\n<div class=\"wp-block-image\"><figure class=\"aligncenter size-large\"><a href=\"https:\/\/ms.cws-hof.de\/wp-content\/uploads\/Expressionismus-1.jpg\"><img loading=\"lazy\" decoding=\"async\" width=\"1024\" height=\"763\" src=\"https:\/\/ms.cws-hof.de\/wp-content\/uploads\/Expressionismus-1-1024x763.jpg\" alt=\"\" class=\"wp-image-9551\" srcset=\"https:\/\/ms.cws-hof.de\/wp-content\/uploads\/Expressionismus-1-1024x763.jpg 1024w, https:\/\/ms.cws-hof.de\/wp-content\/uploads\/Expressionismus-1-300x224.jpg 300w, https:\/\/ms.cws-hof.de\/wp-content\/uploads\/Expressionismus-1-768x572.jpg 768w, https:\/\/ms.cws-hof.de\/wp-content\/uploads\/Expressionismus-1-160x120.jpg 160w, https:\/\/ms.cws-hof.de\/wp-content\/uploads\/Expressionismus-1.jpg 1166w\" sizes=\"auto, (max-width: 1024px) 100vw, 1024px\" \/><\/a><\/figure><\/div>\n\n\n\n<p><\/p>\n\n\n\n<div class=\"wp-block-image\"><figure class=\"aligncenter size-large\"><a href=\"https:\/\/ms.cws-hof.de\/wp-content\/uploads\/Paul-Klee-2.jpg\"><img loading=\"lazy\" decoding=\"async\" width=\"658\" height=\"1024\" src=\"https:\/\/ms.cws-hof.de\/wp-content\/uploads\/Paul-Klee-2-658x1024.jpg\" alt=\"\" class=\"wp-image-9550\" srcset=\"https:\/\/ms.cws-hof.de\/wp-content\/uploads\/Paul-Klee-2-658x1024.jpg 658w, https:\/\/ms.cws-hof.de\/wp-content\/uploads\/Paul-Klee-2-193x300.jpg 193w, https:\/\/ms.cws-hof.de\/wp-content\/uploads\/Paul-Klee-2-768x1195.jpg 768w, https:\/\/ms.cws-hof.de\/wp-content\/uploads\/Paul-Klee-2-987x1536.jpg 987w, https:\/\/ms.cws-hof.de\/wp-content\/uploads\/Paul-Klee-2-1316x2048.jpg 1316w, https:\/\/ms.cws-hof.de\/wp-content\/uploads\/Paul-Klee-2.jpg 1533w\" sizes=\"auto, (max-width: 658px) 100vw, 658px\" \/><\/a><\/figure><\/div>\n\n\n\n<p><\/p>\n\n\n\n<div class=\"wp-block-image\"><figure class=\"aligncenter size-large\"><a href=\"https:\/\/ms.cws-hof.de\/wp-content\/uploads\/Paul-Klee-1-1-scaled.jpg\"><img loading=\"lazy\" decoding=\"async\" width=\"576\" height=\"1024\" src=\"https:\/\/ms.cws-hof.de\/wp-content\/uploads\/Paul-Klee-1-1-576x1024.jpg\" alt=\"\" class=\"wp-image-9549\" srcset=\"https:\/\/ms.cws-hof.de\/wp-content\/uploads\/Paul-Klee-1-1-576x1024.jpg 576w, https:\/\/ms.cws-hof.de\/wp-content\/uploads\/Paul-Klee-1-1-169x300.jpg 169w, https:\/\/ms.cws-hof.de\/wp-content\/uploads\/Paul-Klee-1-1-768x1365.jpg 768w, https:\/\/ms.cws-hof.de\/wp-content\/uploads\/Paul-Klee-1-1-864x1536.jpg 864w, https:\/\/ms.cws-hof.de\/wp-content\/uploads\/Paul-Klee-1-1-1152x2048.jpg 1152w, https:\/\/ms.cws-hof.de\/wp-content\/uploads\/Paul-Klee-1-1-scaled.jpg 1440w\" sizes=\"auto, (max-width: 576px) 100vw, 576px\" \/><\/a><\/figure><\/div>\n\n\n\n<p><\/p>\n\n\n\n<div class=\"wp-block-image\"><figure class=\"aligncenter size-large\"><a href=\"https:\/\/ms.cws-hof.de\/wp-content\/uploads\/Picasso-blaue-Periode-1-scaled.jpg\"><img loading=\"lazy\" decoding=\"async\" width=\"768\" height=\"1024\" src=\"https:\/\/ms.cws-hof.de\/wp-content\/uploads\/Picasso-blaue-Periode-1-768x1024.jpg\" alt=\"\" class=\"wp-image-9548\" srcset=\"https:\/\/ms.cws-hof.de\/wp-content\/uploads\/Picasso-blaue-Periode-1-768x1024.jpg 768w, https:\/\/ms.cws-hof.de\/wp-content\/uploads\/Picasso-blaue-Periode-1-225x300.jpg 225w, https:\/\/ms.cws-hof.de\/wp-content\/uploads\/Picasso-blaue-Periode-1-1152x1536.jpg 1152w, https:\/\/ms.cws-hof.de\/wp-content\/uploads\/Picasso-blaue-Periode-1-1536x2048.jpg 1536w, https:\/\/ms.cws-hof.de\/wp-content\/uploads\/Picasso-blaue-Periode-1-scaled.jpg 1920w\" sizes=\"auto, (max-width: 768px) 100vw, 768px\" \/><\/a><\/figure><\/div>\n\n\n\n<p><\/p>\n","protected":false},"excerpt":{"rendered":"<p>Die Sch\u00fclerinnen und Sch\u00fcler haben sich mit verschiedenen K\u00fcnstlern und Kunstrichtungen auseinandergesetzt und dabei versucht die Malweisen nachzuempfinden. Die Bandbreite ging von VanGogh \u00fcber Monet bis hin zu Paul Klee und Pablo Picasso. Die PDF-Datei zeigt als Beispiel eine Unterrichtsstunde.<\/p>\n","protected":false},"author":51,"featured_media":0,"comment_status":"closed","ping_status":"closed","sticky":false,"template":"","format":"standard","meta":{"footnotes":""},"categories":[107,31],"tags":[],"class_list":["post-9554","post","type-post","status-publish","format-standard","hentry","category-2020-21","category-aktion"],"_links":{"self":[{"href":"https:\/\/ms.cws-hof.de\/index.php?rest_route=\/wp\/v2\/posts\/9554","targetHints":{"allow":["GET"]}}],"collection":[{"href":"https:\/\/ms.cws-hof.de\/index.php?rest_route=\/wp\/v2\/posts"}],"about":[{"href":"https:\/\/ms.cws-hof.de\/index.php?rest_route=\/wp\/v2\/types\/post"}],"author":[{"embeddable":true,"href":"https:\/\/ms.cws-hof.de\/index.php?rest_route=\/wp\/v2\/users\/51"}],"replies":[{"embeddable":true,"href":"https:\/\/ms.cws-hof.de\/index.php?rest_route=%2Fwp%2Fv2%2Fcomments&post=9554"}],"version-history":[{"count":4,"href":"https:\/\/ms.cws-hof.de\/index.php?rest_route=\/wp\/v2\/posts\/9554\/revisions"}],"predecessor-version":[{"id":9764,"href":"https:\/\/ms.cws-hof.de\/index.php?rest_route=\/wp\/v2\/posts\/9554\/revisions\/9764"}],"wp:attachment":[{"href":"https:\/\/ms.cws-hof.de\/index.php?rest_route=%2Fwp%2Fv2%2Fmedia&parent=9554"}],"wp:term":[{"taxonomy":"category","embeddable":true,"href":"https:\/\/ms.cws-hof.de\/index.php?rest_route=%2Fwp%2Fv2%2Fcategories&post=9554"},{"taxonomy":"post_tag","embeddable":true,"href":"https:\/\/ms.cws-hof.de\/index.php?rest_route=%2Fwp%2Fv2%2Ftags&post=9554"}],"curies":[{"name":"wp","href":"https:\/\/api.w.org\/{rel}","templated":true}]}}