{"id":3786,"date":"2020-01-06T21:18:40","date_gmt":"2020-01-06T20:18:40","guid":{"rendered":"https:\/\/ms.cws-hof.de\/?p=3786"},"modified":"2020-01-06T21:20:00","modified_gmt":"2020-01-06T20:20:00","slug":"weihnachtsfeier","status":"publish","type":"post","link":"https:\/\/ms.cws-hof.de\/?p=3786","title":{"rendered":"Weihnachtsfeier"},"content":{"rendered":"\n<p>Am 12.12.2019 fand unsere Weihnachtsfeier der Mittelschule statt.<\/p>\n\n\n\n<p>In kurzen Gottesdienst mit Herrn Pfarrer Glas in der St. Johanneskirche sorgten die 5. Klassen f\u00fcr die musikalische Ausgestaltung.<\/p>\n\n\n\n<p>Am Pausenhof wurde dann im Weihnachtsdorf an vielen St\u00e4nden weitergefeiert.<\/p>\n\n\n\n<p>Ein Dankesch\u00f6n geht an den Elternbeirat, der den Abend mit deftigen Laugenstangen, selbstgebackenen Lebkuchen, Punsch und zwei w\u00e4rmenden Feuerstellen unterst\u00fctzte.<\/p>\n\n\n\n<figure class=\"wp-block-image size-large\"><img loading=\"lazy\" decoding=\"async\" width=\"1024\" height=\"498\" src=\"https:\/\/ms.cws-hof.de\/wp-content\/uploads\/w1-1-1024x498.jpg\" alt=\"\" class=\"wp-image-3789\" srcset=\"https:\/\/ms.cws-hof.de\/wp-content\/uploads\/w1-1-1024x498.jpg 1024w, https:\/\/ms.cws-hof.de\/wp-content\/uploads\/w1-1-300x146.jpg 300w, https:\/\/ms.cws-hof.de\/wp-content\/uploads\/w1-1-768x373.jpg 768w, https:\/\/ms.cws-hof.de\/wp-content\/uploads\/w1-1-1536x747.jpg 1536w, https:\/\/ms.cws-hof.de\/wp-content\/uploads\/w1-1-2048x996.jpg 2048w\" sizes=\"auto, (max-width: 1024px) 100vw, 1024px\" \/><\/figure>\n\n\n\n<figure class=\"wp-block-image size-large\"><img loading=\"lazy\" decoding=\"async\" width=\"1024\" height=\"498\" src=\"https:\/\/ms.cws-hof.de\/wp-content\/uploads\/w2-1-1024x498.jpg\" alt=\"\" class=\"wp-image-3790\" srcset=\"https:\/\/ms.cws-hof.de\/wp-content\/uploads\/w2-1-1024x498.jpg 1024w, https:\/\/ms.cws-hof.de\/wp-content\/uploads\/w2-1-300x146.jpg 300w, https:\/\/ms.cws-hof.de\/wp-content\/uploads\/w2-1-768x373.jpg 768w, https:\/\/ms.cws-hof.de\/wp-content\/uploads\/w2-1-1536x747.jpg 1536w, https:\/\/ms.cws-hof.de\/wp-content\/uploads\/w2-1-2048x996.jpg 2048w\" sizes=\"auto, (max-width: 1024px) 100vw, 1024px\" \/><\/figure>\n\n\n\n<figure class=\"wp-block-image size-large\"><img loading=\"lazy\" decoding=\"async\" width=\"1024\" height=\"498\" src=\"https:\/\/ms.cws-hof.de\/wp-content\/uploads\/w10-1-1024x498.jpg\" alt=\"\" class=\"wp-image-3788\" srcset=\"https:\/\/ms.cws-hof.de\/wp-content\/uploads\/w10-1-1024x498.jpg 1024w, https:\/\/ms.cws-hof.de\/wp-content\/uploads\/w10-1-300x146.jpg 300w, https:\/\/ms.cws-hof.de\/wp-content\/uploads\/w10-1-768x373.jpg 768w, https:\/\/ms.cws-hof.de\/wp-content\/uploads\/w10-1-1536x747.jpg 1536w, https:\/\/ms.cws-hof.de\/wp-content\/uploads\/w10-1-2048x996.jpg 2048w\" sizes=\"auto, (max-width: 1024px) 100vw, 1024px\" \/><\/figure>\n\n\n\n<figure class=\"wp-block-image size-large\"><img loading=\"lazy\" decoding=\"async\" width=\"1024\" height=\"498\" src=\"https:\/\/ms.cws-hof.de\/wp-content\/uploads\/w12-1-1024x498.jpg\" alt=\"\" class=\"wp-image-3787\" srcset=\"https:\/\/ms.cws-hof.de\/wp-content\/uploads\/w12-1-1024x498.jpg 1024w, https:\/\/ms.cws-hof.de\/wp-content\/uploads\/w12-1-300x146.jpg 300w, https:\/\/ms.cws-hof.de\/wp-content\/uploads\/w12-1-768x373.jpg 768w, https:\/\/ms.cws-hof.de\/wp-content\/uploads\/w12-1-1536x747.jpg 1536w, https:\/\/ms.cws-hof.de\/wp-content\/uploads\/w12-1-2048x996.jpg 2048w\" sizes=\"auto, (max-width: 1024px) 100vw, 1024px\" \/><\/figure>\n\n\n\n<figure class=\"wp-block-image size-large\"><img loading=\"lazy\" decoding=\"async\" width=\"1024\" height=\"498\" src=\"https:\/\/ms.cws-hof.de\/wp-content\/uploads\/w7-1-1024x498.jpg\" alt=\"\" class=\"wp-image-3792\" srcset=\"https:\/\/ms.cws-hof.de\/wp-content\/uploads\/w7-1-1024x498.jpg 1024w, https:\/\/ms.cws-hof.de\/wp-content\/uploads\/w7-1-300x146.jpg 300w, https:\/\/ms.cws-hof.de\/wp-content\/uploads\/w7-1-768x373.jpg 768w, https:\/\/ms.cws-hof.de\/wp-content\/uploads\/w7-1-1536x747.jpg 1536w, https:\/\/ms.cws-hof.de\/wp-content\/uploads\/w7-1-2048x996.jpg 2048w\" sizes=\"auto, (max-width: 1024px) 100vw, 1024px\" \/><\/figure>\n","protected":false},"excerpt":{"rendered":"<p>Am 12.12.2019 fand unsere Weihnachtsfeier der Mittelschule statt. In kurzen Gottesdienst mit Herrn Pfarrer Glas in der St. Johanneskirche sorgten die 5. Klassen f\u00fcr die musikalische Ausgestaltung. Am Pausenhof wurde dann im Weihnachtsdorf an vielen St\u00e4nden weitergefeiert. Ein Dankesch\u00f6n geht an den Elternbeirat, der den Abend mit deftigen Laugenstangen, selbstgebackenen Lebkuchen, Punsch und zwei w\u00e4rmenden &hellip; <a href=\"https:\/\/ms.cws-hof.de\/?p=3786\" class=\"more-link\"><span class=\"screen-reader-text\">Weihnachtsfeier<\/span> weiterlesen <span class=\"meta-nav\">&rarr;<\/span><\/a><\/p>\n","protected":false},"author":51,"featured_media":0,"comment_status":"closed","ping_status":"closed","sticky":false,"template":"","format":"standard","meta":{"footnotes":""},"categories":[64,31],"tags":[],"class_list":["post-3786","post","type-post","status-publish","format-standard","hentry","category-2019-20","category-aktion"],"_links":{"self":[{"href":"https:\/\/ms.cws-hof.de\/index.php?rest_route=\/wp\/v2\/posts\/3786","targetHints":{"allow":["GET"]}}],"collection":[{"href":"https:\/\/ms.cws-hof.de\/index.php?rest_route=\/wp\/v2\/posts"}],"about":[{"href":"https:\/\/ms.cws-hof.de\/index.php?rest_route=\/wp\/v2\/types\/post"}],"author":[{"embeddable":true,"href":"https:\/\/ms.cws-hof.de\/index.php?rest_route=\/wp\/v2\/users\/51"}],"replies":[{"embeddable":true,"href":"https:\/\/ms.cws-hof.de\/index.php?rest_route=%2Fwp%2Fv2%2Fcomments&post=3786"}],"version-history":[{"count":2,"href":"https:\/\/ms.cws-hof.de\/index.php?rest_route=\/wp\/v2\/posts\/3786\/revisions"}],"predecessor-version":[{"id":3793,"href":"https:\/\/ms.cws-hof.de\/index.php?rest_route=\/wp\/v2\/posts\/3786\/revisions\/3793"}],"wp:attachment":[{"href":"https:\/\/ms.cws-hof.de\/index.php?rest_route=%2Fwp%2Fv2%2Fmedia&parent=3786"}],"wp:term":[{"taxonomy":"category","embeddable":true,"href":"https:\/\/ms.cws-hof.de\/index.php?rest_route=%2Fwp%2Fv2%2Fcategories&post=3786"},{"taxonomy":"post_tag","embeddable":true,"href":"https:\/\/ms.cws-hof.de\/index.php?rest_route=%2Fwp%2Fv2%2Ftags&post=3786"}],"curies":[{"name":"wp","href":"https:\/\/api.w.org\/{rel}","templated":true}]}}