{"id":3771,"date":"2019-12-13T01:19:39","date_gmt":"2019-12-13T00:19:39","guid":{"rendered":"https:\/\/ms.cws-hof.de\/?p=3771"},"modified":"2019-12-13T01:28:01","modified_gmt":"2019-12-13T00:28:01","slug":"auszeichnung-umweltschule-in-europa-internationale-nachhaltigkeitsschule","status":"publish","type":"post","link":"https:\/\/ms.cws-hof.de\/?p=3771","title":{"rendered":"Auszeichnung &#8222;Umweltschule in Europa \/ Internationale Nachhaltigkeitsschule&#8220;"},"content":{"rendered":"\n<p>Am 25.11.2019 nahm Frau Maria Lonke in Eggolsheim  die Auszeichnung \u201eUmweltschule in Europa \/ Internationale Nachhaltigkeitsschule\u201c f\u00fcr unsere Schule entgegen.<\/p>\n\n\n\n<figure class=\"wp-block-image size-large\"><img loading=\"lazy\" decoding=\"async\" width=\"425\" height=\"640\" src=\"https:\/\/ms.cws-hof.de\/wp-content\/uploads\/Umwelt-2019-4-e1576194873515.jpg\" alt=\"\" class=\"wp-image-3758\" srcset=\"https:\/\/ms.cws-hof.de\/wp-content\/uploads\/Umwelt-2019-4-e1576194873515.jpg 425w, https:\/\/ms.cws-hof.de\/wp-content\/uploads\/Umwelt-2019-4-e1576194873515-199x300.jpg 199w\" sizes=\"auto, (max-width: 425px) 100vw, 425px\" \/><figcaption>Der Vorsitzende des Landesbund f\u00fcr Vogelschutz (LBV) Herr Dr. Norbert Sch\u00e4ffer \u00fcberreicht die Urkunde.<\/figcaption><\/figure>\n\n\n\n<figure class=\"wp-block-image size-large\"><img loading=\"lazy\" decoding=\"async\" width=\"425\" height=\"640\" src=\"https:\/\/ms.cws-hof.de\/wp-content\/uploads\/Umwelt-2019-3-e1576194881818.jpg\" alt=\"\" class=\"wp-image-3757\" srcset=\"https:\/\/ms.cws-hof.de\/wp-content\/uploads\/Umwelt-2019-3-e1576194881818.jpg 425w, https:\/\/ms.cws-hof.de\/wp-content\/uploads\/Umwelt-2019-3-e1576194881818-199x300.jpg 199w\" sizes=\"auto, (max-width: 425px) 100vw, 425px\" \/><figcaption>Der Bayerische Staatsminister f\u00fcr Umwelt und Verbraucherschutz Thorsten Glauber \u00fcberreicht die Flagge.<\/figcaption><\/figure>\n\n\n\n<figure class=\"wp-block-image size-large\"><img loading=\"lazy\" decoding=\"async\" width=\"425\" height=\"640\" src=\"https:\/\/ms.cws-hof.de\/wp-content\/uploads\/Umwelt-2019-2-e1576194889724.jpg\" alt=\"\" class=\"wp-image-3756\" srcset=\"https:\/\/ms.cws-hof.de\/wp-content\/uploads\/Umwelt-2019-2-e1576194889724.jpg 425w, https:\/\/ms.cws-hof.de\/wp-content\/uploads\/Umwelt-2019-2-e1576194889724-199x300.jpg 199w\" sizes=\"auto, (max-width: 425px) 100vw, 425px\" \/><figcaption>Frau Maria Lonke pr\u00e4sentiert die Urkunde.<\/figcaption><\/figure>\n\n\n<a href=\"https:\/\/ms.cws-hof.de\/wp-content\/uploads\/A-88-19-Auszeichnung-Umweltschule-Eggolsheim-2019.pdf\" class=\"pdfemb-viewer\" style=\"\" data-width=\"max\" data-height=\"max\" data-toolbar=\"bottom\" data-toolbar-fixed=\"off\">A-88-19-Auszeichnung-Umweltschule-Eggolsheim-2019<\/a>\n<p class=\"wp-block-pdfemb-pdf-embedder-viewer\"><\/p>\n\n\n\n<p>Weitere Informationen findet man unter  <a href=\"https:\/\/www.umweltbildung.bayern.de\/projekte\/umweltschulen\/index.htm\">https:\/\/www.umweltbildung.bayern.de\/projekte\/umweltschulen\/index.htm<\/a> <\/p>\n","protected":false},"excerpt":{"rendered":"<p>Am 25.11.2019 nahm Frau Maria Lonke in Eggolsheim die Auszeichnung \u201eUmweltschule in Europa \/ Internationale Nachhaltigkeitsschule\u201c f\u00fcr unsere Schule entgegen. Weitere Informationen findet man unter https:\/\/www.umweltbildung.bayern.de\/projekte\/umweltschulen\/index.htm<\/p>\n","protected":false},"author":51,"featured_media":0,"comment_status":"closed","ping_status":"closed","sticky":false,"template":"","format":"standard","meta":{"footnotes":""},"categories":[64,31,52],"tags":[],"class_list":["post-3771","post","type-post","status-publish","format-standard","hentry","category-2019-20","category-aktion","category-umweltschule"],"_links":{"self":[{"href":"https:\/\/ms.cws-hof.de\/index.php?rest_route=\/wp\/v2\/posts\/3771","targetHints":{"allow":["GET"]}}],"collection":[{"href":"https:\/\/ms.cws-hof.de\/index.php?rest_route=\/wp\/v2\/posts"}],"about":[{"href":"https:\/\/ms.cws-hof.de\/index.php?rest_route=\/wp\/v2\/types\/post"}],"author":[{"embeddable":true,"href":"https:\/\/ms.cws-hof.de\/index.php?rest_route=\/wp\/v2\/users\/51"}],"replies":[{"embeddable":true,"href":"https:\/\/ms.cws-hof.de\/index.php?rest_route=%2Fwp%2Fv2%2Fcomments&post=3771"}],"version-history":[{"count":4,"href":"https:\/\/ms.cws-hof.de\/index.php?rest_route=\/wp\/v2\/posts\/3771\/revisions"}],"predecessor-version":[{"id":3776,"href":"https:\/\/ms.cws-hof.de\/index.php?rest_route=\/wp\/v2\/posts\/3771\/revisions\/3776"}],"wp:attachment":[{"href":"https:\/\/ms.cws-hof.de\/index.php?rest_route=%2Fwp%2Fv2%2Fmedia&parent=3771"}],"wp:term":[{"taxonomy":"category","embeddable":true,"href":"https:\/\/ms.cws-hof.de\/index.php?rest_route=%2Fwp%2Fv2%2Fcategories&post=3771"},{"taxonomy":"post_tag","embeddable":true,"href":"https:\/\/ms.cws-hof.de\/index.php?rest_route=%2Fwp%2Fv2%2Ftags&post=3771"}],"curies":[{"name":"wp","href":"https:\/\/api.w.org\/{rel}","templated":true}]}}