{"id":3760,"date":"2019-12-13T01:06:33","date_gmt":"2019-12-13T00:06:33","guid":{"rendered":"https:\/\/ms.cws-hof.de\/?p=3760"},"modified":"2019-12-13T01:06:34","modified_gmt":"2019-12-13T00:06:34","slug":"projekt-umweltschule-nachhaltigkeit-in-der-schule-verankern-unser-schulfruehstueck-wird-nachhaltiger","status":"publish","type":"post","link":"https:\/\/ms.cws-hof.de\/?p=3760","title":{"rendered":"Projekt Umweltschule: Nachhaltigkeit in der Schule verankern &#8211; Unser Schulfr\u00fchst\u00fcck wird nachhaltiger"},"content":{"rendered":"\n<p>So wurde unser Projekt auf der Auszeichnungsveranstaltung pr\u00e4sentiert:<\/p>\n\n\n\n<p>Nachdem in einer kurzen Sequenz gekl\u00e4rt wurde, was unter dem Begriff  &#8222;Nachhaltigkeit&#8220; zu verstehen ist, haben sich die beteiligten SuS gemeinsam mit den Lehrkr\u00e4ften Gedanken gemacht, was wir hinsichtlich unseres Schulfr\u00fchst\u00fcckes ver\u00e4ndern k\u00f6nnten, damit es nachhaltiger wird. Viele Ideen wurden partizipativ gesammelt und dann ging es an die Umsetzung. Das Einkaufsverhalten wurde dahingehend ver\u00e4ndert, dass vor allem Plastikverpackungen vermieden werden, aber auch die Regionalit\u00e4t gef\u00f6rdert wird. So wurde bei S\u00e4ften, Milch und Spie\u00dfen Plastik durch Glas bzw. Holz ersetzt und die Wurst wurde nicht mehr abgepackt gekauft, sondern vom regionalen Metzger, mit dem wir uns darauf einigten, dass er die Wurst in mitgebrachte Tupperware verpackt. <\/p>\n\n\n\n<figure class=\"wp-block-image size-large\"><img loading=\"lazy\" decoding=\"async\" width=\"1024\" height=\"576\" src=\"https:\/\/ms.cws-hof.de\/wp-content\/uploads\/Wurst-in-Tupperbox-1024x576.jpg\" alt=\"\" class=\"wp-image-3763\" srcset=\"https:\/\/ms.cws-hof.de\/wp-content\/uploads\/Wurst-in-Tupperbox-1024x576.jpg 1024w, https:\/\/ms.cws-hof.de\/wp-content\/uploads\/Wurst-in-Tupperbox-300x169.jpg 300w, https:\/\/ms.cws-hof.de\/wp-content\/uploads\/Wurst-in-Tupperbox-768x432.jpg 768w, https:\/\/ms.cws-hof.de\/wp-content\/uploads\/Wurst-in-Tupperbox-1536x864.jpg 1536w, https:\/\/ms.cws-hof.de\/wp-content\/uploads\/Wurst-in-Tupperbox-2048x1152.jpg 2048w\" sizes=\"auto, (max-width: 1024px) 100vw, 1024px\" \/><\/figure>\n\n\n\n<p>Weiterhin kamen die Sch\u00fcler auf die Idee, selbst M\u00fcslikekse herzustellen, wodurch ebenfalls der M\u00fcll durch die einzeln verpackten Riegel vermieden werden kann. Durch all diese Ma\u00dfnahmen ist es uns gelungen, eine Menge Plastikm\u00fcll zu verhindern.<\/p>\n\n\n\n<figure class=\"wp-block-image size-large\"><img loading=\"lazy\" decoding=\"async\" width=\"1024\" height=\"576\" src=\"https:\/\/ms.cws-hof.de\/wp-content\/uploads\/M\u00fcslikekse-1024x576.jpg\" alt=\"\" class=\"wp-image-3765\" srcset=\"https:\/\/ms.cws-hof.de\/wp-content\/uploads\/M\u00fcslikekse-1024x576.jpg 1024w, https:\/\/ms.cws-hof.de\/wp-content\/uploads\/M\u00fcslikekse-300x169.jpg 300w, https:\/\/ms.cws-hof.de\/wp-content\/uploads\/M\u00fcslikekse-768x432.jpg 768w, https:\/\/ms.cws-hof.de\/wp-content\/uploads\/M\u00fcslikekse-1536x864.jpg 1536w, https:\/\/ms.cws-hof.de\/wp-content\/uploads\/M\u00fcslikekse-2048x1152.jpg 2048w\" sizes=\"auto, (max-width: 1024px) 100vw, 1024px\" \/><\/figure>\n\n\n\n<p>Wo man heutzutage hinsieht, umgibt einen Plastik. Auch in der Politik ist langsam ein Umdenken vorhanden, viele unserer Sch\u00fcler kennen es jedoch gar nicht anders &#8211; f\u00fcr sie ist Plastik normal. Die Nachteile dieses Verpackungsmaterials sind den wenigsten bewusst. Durch unser Projekt hat sich dies ge\u00e4ndert und auch in der Sch\u00fclerschaft kam es zu einem Umdenken. Einigen Sch\u00fclern ist die Nachhaltigkeit inzwischen so wichtig, dass sie dies an die Familie weitergetragen haben. Neben der Nachhaltigkeit erhoffen wir uns ebenso ein Bewusstsein f\u00fcr gesunde Ern\u00e4hrung. Die F\u00f6rderung der heimischen Wirtschaft und eine weitestgehende Vermeidung von Supermarktketten verringert weiterhin den Aussto\u00df von CO2 durch Transporte &#8211; auch dies ist den SuS inzwischen bewusst.<\/p>\n","protected":false},"excerpt":{"rendered":"<p>So wurde unser Projekt auf der Auszeichnungsveranstaltung pr\u00e4sentiert: Nachdem in einer kurzen Sequenz gekl\u00e4rt wurde, was unter dem Begriff &#8222;Nachhaltigkeit&#8220; zu verstehen ist, haben sich die beteiligten SuS gemeinsam mit den Lehrkr\u00e4ften Gedanken gemacht, was wir hinsichtlich unseres Schulfr\u00fchst\u00fcckes ver\u00e4ndern k\u00f6nnten, damit es nachhaltiger wird. Viele Ideen wurden partizipativ gesammelt und dann ging es an &hellip; <a href=\"https:\/\/ms.cws-hof.de\/?p=3760\" class=\"more-link\"><span class=\"screen-reader-text\">Projekt Umweltschule: Nachhaltigkeit in der Schule verankern &#8211; Unser Schulfr\u00fchst\u00fcck wird nachhaltiger<\/span> weiterlesen <span class=\"meta-nav\">&rarr;<\/span><\/a><\/p>\n","protected":false},"author":51,"featured_media":0,"comment_status":"closed","ping_status":"closed","sticky":false,"template":"","format":"standard","meta":{"footnotes":""},"categories":[64,31,52],"tags":[],"class_list":["post-3760","post","type-post","status-publish","format-standard","hentry","category-2019-20","category-aktion","category-umweltschule"],"_links":{"self":[{"href":"https:\/\/ms.cws-hof.de\/index.php?rest_route=\/wp\/v2\/posts\/3760","targetHints":{"allow":["GET"]}}],"collection":[{"href":"https:\/\/ms.cws-hof.de\/index.php?rest_route=\/wp\/v2\/posts"}],"about":[{"href":"https:\/\/ms.cws-hof.de\/index.php?rest_route=\/wp\/v2\/types\/post"}],"author":[{"embeddable":true,"href":"https:\/\/ms.cws-hof.de\/index.php?rest_route=\/wp\/v2\/users\/51"}],"replies":[{"embeddable":true,"href":"https:\/\/ms.cws-hof.de\/index.php?rest_route=%2Fwp%2Fv2%2Fcomments&post=3760"}],"version-history":[{"count":2,"href":"https:\/\/ms.cws-hof.de\/index.php?rest_route=\/wp\/v2\/posts\/3760\/revisions"}],"predecessor-version":[{"id":3766,"href":"https:\/\/ms.cws-hof.de\/index.php?rest_route=\/wp\/v2\/posts\/3760\/revisions\/3766"}],"wp:attachment":[{"href":"https:\/\/ms.cws-hof.de\/index.php?rest_route=%2Fwp%2Fv2%2Fmedia&parent=3760"}],"wp:term":[{"taxonomy":"category","embeddable":true,"href":"https:\/\/ms.cws-hof.de\/index.php?rest_route=%2Fwp%2Fv2%2Fcategories&post=3760"},{"taxonomy":"post_tag","embeddable":true,"href":"https:\/\/ms.cws-hof.de\/index.php?rest_route=%2Fwp%2Fv2%2Ftags&post=3760"}],"curies":[{"name":"wp","href":"https:\/\/api.w.org\/{rel}","templated":true}]}}