{"id":2789,"date":"2018-07-26T10:47:12","date_gmt":"2018-07-26T08:47:12","guid":{"rendered":"http:\/\/www.hs.cws-hof.de\/?p=2789"},"modified":"2018-07-26T10:47:12","modified_gmt":"2018-07-26T08:47:12","slug":"bericht-ueber-die-werkstatttage","status":"publish","type":"post","link":"https:\/\/ms.cws-hof.de\/?p=2789","title":{"rendered":"Bericht \u00fcber die Werkstatttage"},"content":{"rendered":"<p>Die Klasse 7aG war vom 02.07. bis zum 14.07.2018 in der Volkshochschule bei den Werkstatttagen.<\/p>\n<p>Die Klasse war in drei Gruppen eingeteilt, weil sie zu viele waren. Sie haben jeden dritten Tag die Gruppen\u00a0und die Bereiche (Holz, Metall, Hauswirtschaft, K\u00f6rperpflege, Farbe) gewechselt.<\/p>\n<p>Die Gruppe \u201eHolz\u201c hat von Herrn Straub die Regeln erkl\u00e4rt bekommen und ein St\u00fcck Holz erhalten. Darauf\u00a0haben sie mit einem Bleistift und einem Geodreieck angezeichnet, was gebaut werden sollte. Danach\u00a0haben sie es im Schraubstock eingespannt und mit der S\u00e4ge einzelne St\u00fccke herausges\u00e4gt. Nun wurde mit\u00a0der Bohrmaschine gebohrt, es wurde mit Schleifpapier geschliffen und anschlie\u00dfend alles verleimt. Es\u00a0musste einen Tag lang trocknen. Danach wurde noch einmal geschliffen und gefeilt. Am Schluss war der\u00a0Blumenst\u00e4nder fertig.<\/p>\n<p>In der Gruppe \u201eK\u00f6rperpflege\u201c haben die Kinder mit Friseurin Frau Gebelein die Regeln besprochen und\u00a0anschlie\u00dfend die \u00dcbungsk\u00f6pfe gestylt. Sie benutzten dazu Kamm, Lockenstab und F\u00f6hn. Am zweiten Tag\u00a0wurden Dauerwellen gemacht und die Haare gewaschen. Am dritten und letzten Tag haben die Sch\u00fcler\u00a0sich gegenseitig die Haare, gef\u00f6hnt und gestylt. Au\u00dferdem wurden noch eine Ansatzf\u00e4rbung und\u00a0Folienstr\u00e4hnchen gemacht.<\/p>\n<p>In den Gruppen Metall, Hauswirtschaft und Farbe konnten die Sch\u00fcler selbst Schl\u00fcsselanh\u00e4nger aus Metall\u00a0herstellen, Kleinigkeiten f\u00fcr alle Sch\u00fcler gekocht und gro\u00dfe Wandbilder auf Gipskarton gestaltet.<\/p>\n<p>Abschlie\u00dfend kann man sagen, dass einige Sch\u00fcler die Werkstatttage langweilig fanden, andere aber\u00a0hatten viele interessante Tage in der VHS.<\/p>\n<p>(verfasst von der Klasse 7aG)<\/p>\n","protected":false},"excerpt":{"rendered":"<p>Die Klasse 7aG war vom 02.07. bis zum 14.07.2018 in der Volkshochschule bei den Werkstatttagen. Die Klasse war in drei Gruppen eingeteilt, weil sie zu viele waren. Sie haben jeden dritten Tag die Gruppen\u00a0und die Bereiche (Holz, Metall, Hauswirtschaft, K\u00f6rperpflege, Farbe) gewechselt. Die Gruppe \u201eHolz\u201c hat von Herrn Straub die Regeln erkl\u00e4rt bekommen und ein &hellip; <a href=\"https:\/\/ms.cws-hof.de\/?p=2789\" class=\"more-link\"><span class=\"screen-reader-text\">Bericht \u00fcber die Werkstatttage<\/span> weiterlesen <span class=\"meta-nav\">&rarr;<\/span><\/a><\/p>\n","protected":false},"author":51,"featured_media":0,"comment_status":"closed","ping_status":"closed","sticky":false,"template":"","format":"standard","meta":{"footnotes":""},"categories":[53,31],"tags":[],"class_list":["post-2789","post","type-post","status-publish","format-standard","hentry","category-53","category-aktion"],"_links":{"self":[{"href":"https:\/\/ms.cws-hof.de\/index.php?rest_route=\/wp\/v2\/posts\/2789","targetHints":{"allow":["GET"]}}],"collection":[{"href":"https:\/\/ms.cws-hof.de\/index.php?rest_route=\/wp\/v2\/posts"}],"about":[{"href":"https:\/\/ms.cws-hof.de\/index.php?rest_route=\/wp\/v2\/types\/post"}],"author":[{"embeddable":true,"href":"https:\/\/ms.cws-hof.de\/index.php?rest_route=\/wp\/v2\/users\/51"}],"replies":[{"embeddable":true,"href":"https:\/\/ms.cws-hof.de\/index.php?rest_route=%2Fwp%2Fv2%2Fcomments&post=2789"}],"version-history":[{"count":1,"href":"https:\/\/ms.cws-hof.de\/index.php?rest_route=\/wp\/v2\/posts\/2789\/revisions"}],"predecessor-version":[{"id":2790,"href":"https:\/\/ms.cws-hof.de\/index.php?rest_route=\/wp\/v2\/posts\/2789\/revisions\/2790"}],"wp:attachment":[{"href":"https:\/\/ms.cws-hof.de\/index.php?rest_route=%2Fwp%2Fv2%2Fmedia&parent=2789"}],"wp:term":[{"taxonomy":"category","embeddable":true,"href":"https:\/\/ms.cws-hof.de\/index.php?rest_route=%2Fwp%2Fv2%2Fcategories&post=2789"},{"taxonomy":"post_tag","embeddable":true,"href":"https:\/\/ms.cws-hof.de\/index.php?rest_route=%2Fwp%2Fv2%2Ftags&post=2789"}],"curies":[{"name":"wp","href":"https:\/\/api.w.org\/{rel}","templated":true}]}}