{"id":11744,"date":"2023-09-20T21:02:18","date_gmt":"2023-09-20T19:02:18","guid":{"rendered":"https:\/\/ms.cws-hof.de\/?p=11744"},"modified":"2023-09-20T21:02:19","modified_gmt":"2023-09-20T19:02:19","slug":"neue-kollegen-an-der-christian-wolfrum-mittelschule-hof","status":"publish","type":"post","link":"https:\/\/ms.cws-hof.de\/?p=11744","title":{"rendered":"Neue Kollegen an der Christian-Wolfrum-Mittelschule Hof"},"content":{"rendered":"\n<p>Zu Beginn des Schuljahres 2023\/24 konnte die Rektorin der Christian-Wolfrum-Mittelschule Hof acht neue Lehrkr\u00e4fte begr\u00fc\u00dfen. Lehramtsanw\u00e4rterin Derya Merc-Acikbas wird GPG, Kunst und WiB<br>unterrichten. Als Fachlehreranw\u00e4rter im zweiten Jahr startet Moritz Kuchenreuther (Kunst, Technik, WG, WiK) an der CWS. Der Mittelschullehrer Florian Cimander ist als Klassenleitung einer 7. Klasse<br>eingesetzt. Musik wird von Dominik Biedermann unterrichtet. Zum Stundenausgleich sind Vanessa Heimrich-Braun und Olga Antoniuk im Team. Die Drittkr\u00e4fte Mirjam Gnida und Sara Abutaqqaly f\u00f6rdern im Fach Deutsch als Zweitsprache.<\/p>\n\n\n\n<p>Zudem werden Birgit S\u00fc\u00df (Schule am Theresienstein), Carsten Wilfer (M\u00fcnsterschule) und Michaela Zahn (Mittelschule Naila) mit jeweils einigen Unterrichtsstunden an der Christian-Wolfrum-Mittelschule eingesetzt.<\/p>\n\n\n\n<p>Drei Klassen der Christian-Wolfrum-Mittelschule sind weiterhin in der alten Angerschule ausgelagert. Im Leimitzer Schulhaus sind zwei Gruppen der offenen Ganztagesbetreuung untergebracht.<\/p>\n\n\n<div class=\"wp-block-image\">\n<figure class=\"aligncenter size-large\"><a href=\"https:\/\/ms.cws-hof.de\/wp-content\/uploads\/Bildschirmfoto-2023-09-20-um-21.00.48.jpg\"><img loading=\"lazy\" decoding=\"async\" width=\"1024\" height=\"977\" src=\"https:\/\/ms.cws-hof.de\/wp-content\/uploads\/Bildschirmfoto-2023-09-20-um-21.00.48-1024x977.jpg\" alt=\"\" class=\"wp-image-11745\" srcset=\"https:\/\/ms.cws-hof.de\/wp-content\/uploads\/Bildschirmfoto-2023-09-20-um-21.00.48-1024x977.jpg 1024w, https:\/\/ms.cws-hof.de\/wp-content\/uploads\/Bildschirmfoto-2023-09-20-um-21.00.48-300x286.jpg 300w, https:\/\/ms.cws-hof.de\/wp-content\/uploads\/Bildschirmfoto-2023-09-20-um-21.00.48-768x733.jpg 768w, https:\/\/ms.cws-hof.de\/wp-content\/uploads\/Bildschirmfoto-2023-09-20-um-21.00.48.jpg 1308w\" sizes=\"auto, (max-width: 1024px) 100vw, 1024px\" \/><\/a><\/figure>\n<\/div>\n\n\n<p>Auf dem Bild von links nach rechts:<br>Konrektorin Monika R\u00f6del, Mirjam Gnida, Derya Merc-Acikbas, Dominik Biedermann, Moritz Kuchenreuther, Florian Cimander, Vanessa Heimrich-Braun, Rektorin Michaela Neumann<\/p>\n","protected":false},"excerpt":{"rendered":"<p>Zu Beginn des Schuljahres 2023\/24 konnte die Rektorin der Christian-Wolfrum-Mittelschule Hof acht neue Lehrkr\u00e4fte begr\u00fc\u00dfen. Lehramtsanw\u00e4rterin Derya Merc-Acikbas wird GPG, Kunst und WiBunterrichten. Als Fachlehreranw\u00e4rter im zweiten Jahr startet Moritz Kuchenreuther (Kunst, Technik, WG, WiK) an der CWS. Der Mittelschullehrer Florian Cimander ist als Klassenleitung einer 7. Klasseeingesetzt. Musik wird von Dominik Biedermann unterrichtet. Zum &hellip; <a href=\"https:\/\/ms.cws-hof.de\/?p=11744\" class=\"more-link\"><span class=\"screen-reader-text\">Neue Kollegen an der Christian-Wolfrum-Mittelschule Hof<\/span> weiterlesen <span class=\"meta-nav\">&rarr;<\/span><\/a><\/p>\n","protected":false},"author":51,"featured_media":0,"comment_status":"closed","ping_status":"closed","sticky":false,"template":"","format":"standard","meta":{"footnotes":""},"categories":[131,31],"tags":[],"class_list":["post-11744","post","type-post","status-publish","format-standard","hentry","category-2023-24","category-aktion"],"_links":{"self":[{"href":"https:\/\/ms.cws-hof.de\/index.php?rest_route=\/wp\/v2\/posts\/11744","targetHints":{"allow":["GET"]}}],"collection":[{"href":"https:\/\/ms.cws-hof.de\/index.php?rest_route=\/wp\/v2\/posts"}],"about":[{"href":"https:\/\/ms.cws-hof.de\/index.php?rest_route=\/wp\/v2\/types\/post"}],"author":[{"embeddable":true,"href":"https:\/\/ms.cws-hof.de\/index.php?rest_route=\/wp\/v2\/users\/51"}],"replies":[{"embeddable":true,"href":"https:\/\/ms.cws-hof.de\/index.php?rest_route=%2Fwp%2Fv2%2Fcomments&post=11744"}],"version-history":[{"count":1,"href":"https:\/\/ms.cws-hof.de\/index.php?rest_route=\/wp\/v2\/posts\/11744\/revisions"}],"predecessor-version":[{"id":11746,"href":"https:\/\/ms.cws-hof.de\/index.php?rest_route=\/wp\/v2\/posts\/11744\/revisions\/11746"}],"wp:attachment":[{"href":"https:\/\/ms.cws-hof.de\/index.php?rest_route=%2Fwp%2Fv2%2Fmedia&parent=11744"}],"wp:term":[{"taxonomy":"category","embeddable":true,"href":"https:\/\/ms.cws-hof.de\/index.php?rest_route=%2Fwp%2Fv2%2Fcategories&post=11744"},{"taxonomy":"post_tag","embeddable":true,"href":"https:\/\/ms.cws-hof.de\/index.php?rest_route=%2Fwp%2Fv2%2Ftags&post=11744"}],"curies":[{"name":"wp","href":"https:\/\/api.w.org\/{rel}","templated":true}]}}