{"id":11014,"date":"2021-12-13T00:41:58","date_gmt":"2021-12-12T23:41:58","guid":{"rendered":"https:\/\/ms.cws-hof.de\/?p=11014"},"modified":"2021-12-13T00:42:00","modified_gmt":"2021-12-12T23:42:00","slug":"der-nikolaus-und-sein-engelchen-waren-in-den-5-6-klassen","status":"publish","type":"post","link":"https:\/\/ms.cws-hof.de\/?p=11014","title":{"rendered":"Der Nikolaus und sein Engelchen waren in den 5.\/6. Klassen"},"content":{"rendered":"\n<p>Vielen Dank an unsere Sch\u00fclersprecherin Fatma und unseren Sch\u00fclersprecher Lukas f\u00fcr die Idee unsere 5.\/6. Klassen zum Nikolausfest mit gesundem Obst zu beschenken und etwas Weihnachtliches vorzulesen.<\/p>\n\n\n\n<p>Danke auch an den Rewe Markt Winkler f\u00fcr die gro\u00dfz\u00fcgige Spende.<\/p>\n\n\n\n<figure class=\"wp-block-image size-large\"><a href=\"https:\/\/ms.cws-hof.de\/wp-content\/uploads\/Nikolaus-21-b.jpg\"><img loading=\"lazy\" decoding=\"async\" width=\"1024\" height=\"768\" src=\"https:\/\/ms.cws-hof.de\/wp-content\/uploads\/Nikolaus-21-b-1024x768.jpg\" alt=\"\" class=\"wp-image-11012\" srcset=\"https:\/\/ms.cws-hof.de\/wp-content\/uploads\/Nikolaus-21-b-1024x768.jpg 1024w, https:\/\/ms.cws-hof.de\/wp-content\/uploads\/Nikolaus-21-b-300x225.jpg 300w, https:\/\/ms.cws-hof.de\/wp-content\/uploads\/Nikolaus-21-b-768x576.jpg 768w, https:\/\/ms.cws-hof.de\/wp-content\/uploads\/Nikolaus-21-b-1536x1152.jpg 1536w, https:\/\/ms.cws-hof.de\/wp-content\/uploads\/Nikolaus-21-b-160x120.jpg 160w, https:\/\/ms.cws-hof.de\/wp-content\/uploads\/Nikolaus-21-b.jpg 1600w\" sizes=\"auto, (max-width: 1024px) 100vw, 1024px\" \/><\/a><\/figure>\n\n\n\n<figure class=\"wp-block-image size-large\"><a href=\"https:\/\/ms.cws-hof.de\/wp-content\/uploads\/Nikolaus-21-a.jpg\"><img loading=\"lazy\" decoding=\"async\" width=\"1024\" height=\"768\" src=\"https:\/\/ms.cws-hof.de\/wp-content\/uploads\/Nikolaus-21-a-1024x768.jpg\" alt=\"\" class=\"wp-image-11011\" srcset=\"https:\/\/ms.cws-hof.de\/wp-content\/uploads\/Nikolaus-21-a-1024x768.jpg 1024w, https:\/\/ms.cws-hof.de\/wp-content\/uploads\/Nikolaus-21-a-300x225.jpg 300w, https:\/\/ms.cws-hof.de\/wp-content\/uploads\/Nikolaus-21-a-768x576.jpg 768w, https:\/\/ms.cws-hof.de\/wp-content\/uploads\/Nikolaus-21-a-1536x1152.jpg 1536w, https:\/\/ms.cws-hof.de\/wp-content\/uploads\/Nikolaus-21-a-160x120.jpg 160w, https:\/\/ms.cws-hof.de\/wp-content\/uploads\/Nikolaus-21-a.jpg 2016w\" sizes=\"auto, (max-width: 1024px) 100vw, 1024px\" \/><\/a><\/figure>\n\n\n\n<figure class=\"wp-block-image size-large\"><a href=\"https:\/\/ms.cws-hof.de\/wp-content\/uploads\/Nikolaus-21-c.jpg\"><img loading=\"lazy\" decoding=\"async\" width=\"576\" height=\"1024\" src=\"https:\/\/ms.cws-hof.de\/wp-content\/uploads\/Nikolaus-21-c-576x1024.jpg\" alt=\"\" class=\"wp-image-11013\" srcset=\"https:\/\/ms.cws-hof.de\/wp-content\/uploads\/Nikolaus-21-c-576x1024.jpg 576w, https:\/\/ms.cws-hof.de\/wp-content\/uploads\/Nikolaus-21-c-169x300.jpg 169w, https:\/\/ms.cws-hof.de\/wp-content\/uploads\/Nikolaus-21-c-768x1365.jpg 768w, https:\/\/ms.cws-hof.de\/wp-content\/uploads\/Nikolaus-21-c-864x1536.jpg 864w, https:\/\/ms.cws-hof.de\/wp-content\/uploads\/Nikolaus-21-c.jpg 1152w\" sizes=\"auto, (max-width: 576px) 100vw, 576px\" \/><\/a><\/figure>\n","protected":false},"excerpt":{"rendered":"<p>Vielen Dank an unsere Sch\u00fclersprecherin Fatma und unseren Sch\u00fclersprecher Lukas f\u00fcr die Idee unsere 5.\/6. Klassen zum Nikolausfest mit gesundem Obst zu beschenken und etwas Weihnachtliches vorzulesen. Danke auch an den Rewe Markt Winkler f\u00fcr die gro\u00dfz\u00fcgige Spende.<\/p>\n","protected":false},"author":51,"featured_media":0,"comment_status":"closed","ping_status":"closed","sticky":false,"template":"","format":"standard","meta":{"footnotes":""},"categories":[122,31],"tags":[],"class_list":["post-11014","post","type-post","status-publish","format-standard","hentry","category-2021-22","category-aktion"],"_links":{"self":[{"href":"https:\/\/ms.cws-hof.de\/index.php?rest_route=\/wp\/v2\/posts\/11014","targetHints":{"allow":["GET"]}}],"collection":[{"href":"https:\/\/ms.cws-hof.de\/index.php?rest_route=\/wp\/v2\/posts"}],"about":[{"href":"https:\/\/ms.cws-hof.de\/index.php?rest_route=\/wp\/v2\/types\/post"}],"author":[{"embeddable":true,"href":"https:\/\/ms.cws-hof.de\/index.php?rest_route=\/wp\/v2\/users\/51"}],"replies":[{"embeddable":true,"href":"https:\/\/ms.cws-hof.de\/index.php?rest_route=%2Fwp%2Fv2%2Fcomments&post=11014"}],"version-history":[{"count":1,"href":"https:\/\/ms.cws-hof.de\/index.php?rest_route=\/wp\/v2\/posts\/11014\/revisions"}],"predecessor-version":[{"id":11015,"href":"https:\/\/ms.cws-hof.de\/index.php?rest_route=\/wp\/v2\/posts\/11014\/revisions\/11015"}],"wp:attachment":[{"href":"https:\/\/ms.cws-hof.de\/index.php?rest_route=%2Fwp%2Fv2%2Fmedia&parent=11014"}],"wp:term":[{"taxonomy":"category","embeddable":true,"href":"https:\/\/ms.cws-hof.de\/index.php?rest_route=%2Fwp%2Fv2%2Fcategories&post=11014"},{"taxonomy":"post_tag","embeddable":true,"href":"https:\/\/ms.cws-hof.de\/index.php?rest_route=%2Fwp%2Fv2%2Ftags&post=11014"}],"curies":[{"name":"wp","href":"https:\/\/api.w.org\/{rel}","templated":true}]}}