{"id":11003,"date":"2021-12-06T00:34:23","date_gmt":"2021-12-05T23:34:23","guid":{"rendered":"https:\/\/ms.cws-hof.de\/?p=11003"},"modified":"2021-12-06T00:35:18","modified_gmt":"2021-12-05T23:35:18","slug":"vorlesewettbewerb-englisch-der-8-klassen-2","status":"publish","type":"post","link":"https:\/\/ms.cws-hof.de\/?p=11003","title":{"rendered":"Vorlesewettbewerb Englisch der 8. Klassen"},"content":{"rendered":"\n<p>Wir gratulieren den Klassensiegern:<\/p>\n\n\n\n<div class=\"wp-block-columns is-layout-flex wp-container-core-columns-is-layout-9d6595d7 wp-block-columns-is-layout-flex\">\n<div class=\"wp-block-column is-layout-flow wp-block-column-is-layout-flow\">\n<p><meta charset=\"utf-8\">8a: Leonie Berger<br>8a: John S\u00f6llner<br>8b: Medine Essiz<br>8b: Vatan \u00d6zt\u00fcrk<br>8cM: Daria Cirpaciu<br>8cM: &nbsp; Duc Nguyen<\/p>\n<\/div>\n\n\n\n<div class=\"wp-block-column is-layout-flow wp-block-column-is-layout-flow\">\n<p><img loading=\"lazy\" decoding=\"async\" width=\"248\" height=\"147\" src=\"https:\/\/lh4.googleusercontent.com\/4GzwtJU7M3oMN-OplsW9BAEGgHV7tt0IoKHB-2slp1PGUdUKAd-_REPlrePE2Mb7ULQSjNOo-T4PuZImnPm6N-dlwp7WCUVcI1JezE0ld1u6gI4q7AV6vPyqpQ9BesO3eUr4RGIN\"><\/p>\n<\/div>\n<\/div>\n\n\n\n<p>Als Schulsiegerin gewann<\/p>\n\n\n\n<p class=\"has-text-align-center\"><strong><span style=\"color:#871d0d\" class=\"has-inline-color\">Medine Essiz, 8b<\/span><\/strong><\/p>\n\n\n\n<p>den Wettbewerb und darf nun unsere Mittelschule beim Wettbewerb der Mittelschulen von Stadt und Landkreis Hof vertreten!<\/p>\n\n\n\n<p>Congratulation!<\/p>\n\n\n\n<p class=\"has-text-align-center\"><img loading=\"lazy\" decoding=\"async\" alt=\"Gesponsertes Bild\" src=\"https:\/\/lh5.googleusercontent.com\/WGYkcd573NEtQpEvq9Cl-pUKBcNakTMVAgccGoWRMpreGOZRPZfjgZHoj5LrAdV_RTWKzo_Cf9GrrAxNSfmyE-40DuVQFFMKwoPVpLWQyosK_hg9iOogSLbXh1PtlQd9MW8ngc9e\" width=\"194\" height=\"129\"><\/p>\n","protected":false},"excerpt":{"rendered":"<p>Wir gratulieren den Klassensiegern: 8a: Leonie Berger8a: John S\u00f6llner8b: Medine Essiz8b: Vatan \u00d6zt\u00fcrk8cM: Daria Cirpaciu8cM: &nbsp; Duc Nguyen Als Schulsiegerin gewann Medine Essiz, 8b den Wettbewerb und darf nun unsere Mittelschule beim Wettbewerb der Mittelschulen von Stadt und Landkreis Hof vertreten! Congratulation!<\/p>\n","protected":false},"author":51,"featured_media":0,"comment_status":"closed","ping_status":"closed","sticky":false,"template":"","format":"standard","meta":{"footnotes":""},"categories":[122,31],"tags":[],"class_list":["post-11003","post","type-post","status-publish","format-standard","hentry","category-2021-22","category-aktion"],"_links":{"self":[{"href":"https:\/\/ms.cws-hof.de\/index.php?rest_route=\/wp\/v2\/posts\/11003","targetHints":{"allow":["GET"]}}],"collection":[{"href":"https:\/\/ms.cws-hof.de\/index.php?rest_route=\/wp\/v2\/posts"}],"about":[{"href":"https:\/\/ms.cws-hof.de\/index.php?rest_route=\/wp\/v2\/types\/post"}],"author":[{"embeddable":true,"href":"https:\/\/ms.cws-hof.de\/index.php?rest_route=\/wp\/v2\/users\/51"}],"replies":[{"embeddable":true,"href":"https:\/\/ms.cws-hof.de\/index.php?rest_route=%2Fwp%2Fv2%2Fcomments&post=11003"}],"version-history":[{"count":2,"href":"https:\/\/ms.cws-hof.de\/index.php?rest_route=\/wp\/v2\/posts\/11003\/revisions"}],"predecessor-version":[{"id":11005,"href":"https:\/\/ms.cws-hof.de\/index.php?rest_route=\/wp\/v2\/posts\/11003\/revisions\/11005"}],"wp:attachment":[{"href":"https:\/\/ms.cws-hof.de\/index.php?rest_route=%2Fwp%2Fv2%2Fmedia&parent=11003"}],"wp:term":[{"taxonomy":"category","embeddable":true,"href":"https:\/\/ms.cws-hof.de\/index.php?rest_route=%2Fwp%2Fv2%2Fcategories&post=11003"},{"taxonomy":"post_tag","embeddable":true,"href":"https:\/\/ms.cws-hof.de\/index.php?rest_route=%2Fwp%2Fv2%2Ftags&post=11003"}],"curies":[{"name":"wp","href":"https:\/\/api.w.org\/{rel}","templated":true}]}}